{"id":10205,"date":"2022-09-22T12:32:00","date_gmt":"2022-09-22T10:32:00","guid":{"rendered":"https:\/\/www.fampa-valencia.org\/?p=10205\/"},"modified":"2022-10-04T12:34:18","modified_gmt":"2022-10-04T10:34:18","slug":"ceapa-celebra-en-valencia-una-jornada-formativa-sobre-entornos-escolares-seguros","status":"publish","type":"post","link":"https:\/\/www.fampa-valencia.org\/es\/ceapa-celebra-en-valencia-una-jornada-formativa-sobre-entornos-escolares-seguros\/","title":{"rendered":"CEAPA celebra en Valencia una jornada formativa sobre entornos escolares seguros"},"content":{"rendered":"\n<p>Coincidiendo con la semana de la movilidad y bajo el lema \u201cCaminos escolares y medio ambiente\u201d la Confederaci\u00f3n estatal de AMPA &nbsp;(CEAPA) mediante su comisi\u00f3n de caminos escolares visitar\u00e0 Valencia este fin de semana para celebrar una jornada formativa en el Centro Municipal de Juventud de Algir\u00f3s.<\/p>\n\n\n\n<p>La jornada se desarrollar\u00e1 durante todo el s\u00e1bado 24 de septiembre con una serie de pon\u00e8ncies cargadas de fondo reivindicativo que reclamaran calles abiertas para la inf\u00e0ncia y entornos escolares seguros y saludables.<\/p>\n\n\n\n<p>Durante la jornada se expondr\u00e1n experiencias educativas de diferentes centros escolares de Valencia y tambi\u00e9n de toda Espa\u00f1a en esta materia y adem\u00e1s se presentar\u00e0 el \u201cPlan de Entornos Escolares Seguros y Saludables\u201d del Ayuntamiento de Valencia de la mano del colectivo Colecamins.<\/p>\n\n\n\n<p>La junta directiva de CEAPA y miembros de FAMPA-Val\u00e8ncia seran recibidos por la Concejala de Educaci\u00f3n del Ayuntamiento de la ciudad, Maite Ib\u00e1\u00f1ez, esta misma tarde.<\/p>\n","protected":false},"excerpt":{"rendered":"<p>Coincidiendo con la semana de la movilidad y bajo el lema \u201cCaminos escolares y medio ambiente\u201d la Confederaci\u00f3n estatal de AMPA &nbsp;(CEAPA) mediante su comisi\u00f3n de [&hellip;]<\/p>\n","protected":false},"author":5,"featured_media":10203,"comment_status":"closed","ping_status":"closed","sticky":false,"template":"","format":"standard","meta":{"jetpack_publicize_message":"","jetpack_is_tweetstorm":false,"jetpack_publicize_feature_enabled":true},"categories":[1,2],"tags":[],"jetpack_publicize_connections":[],"yoast_head":"<!-- This site is optimized with the Yoast SEO plugin v19.2 - https:\/\/yoast.com\/wordpress\/plugins\/seo\/ -->\n<title>CEAPA celebra en Valencia una jornada formativa sobre entornos escolares seguros | FAMPA Val\u00e8ncia<\/title>\n<meta name=\"robots\" content=\"index, follow, max-snippet:-1, max-image-preview:large, max-video-preview:-1\" \/>\n<link rel=\"canonical\" href=\"https:\/\/www.fampa-valencia.org\/es\/ceapa-celebra-en-valencia-una-jornada-formativa-sobre-entornos-escolares-seguros\/\" \/>\n<meta property=\"og:locale\" content=\"es_ES\" \/>\n<meta property=\"og:type\" content=\"article\" \/>\n<meta property=\"og:title\" content=\"CEAPA celebra en Valencia una jornada formativa sobre entornos escolares seguros | FAMPA Val\u00e8ncia\" \/>\n<meta property=\"og:description\" content=\"Coincidiendo con la semana de la movilidad y bajo el lema \u201cCaminos escolares y medio ambiente\u201d la Confederaci\u00f3n estatal de AMPA &nbsp;(CEAPA) mediante su comisi\u00f3n de [&hellip;]\" \/>\n<meta property=\"og:url\" content=\"https:\/\/www.fampa-valencia.org\/es\/ceapa-celebra-en-valencia-una-jornada-formativa-sobre-entornos-escolares-seguros\/\" \/>\n<meta property=\"og:site_name\" content=\"FAMPA Val\u00e8ncia\" \/>\n<meta property=\"article:publisher\" content=\"https:\/\/www.facebook.com\/fapa.valencia\/?fref=ts\" \/>\n<meta property=\"article:published_time\" content=\"2022-09-22T10:32:00+00:00\" \/>\n<meta property=\"article:modified_time\" content=\"2022-10-04T10:34:18+00:00\" \/>\n<meta property=\"og:image\" content=\"https:\/\/www.fampa-valencia.org\/wp-content\/uploads\/2022\/10\/308701852_8162594913815119_3864412989088347779_n.jpg\" \/>\n\t<meta property=\"og:image:width\" content=\"940\" \/>\n\t<meta property=\"og:image:height\" content=\"788\" \/>\n\t<meta property=\"og:image:type\" content=\"image\/jpeg\" \/>\n<meta name=\"author\" content=\"FAMPA Val\u00e8ncia\" \/>\n<meta name=\"twitter:card\" content=\"summary\" \/>\n<meta name=\"twitter:creator\" content=\"@FAPAValencia\" \/>\n<meta name=\"twitter:site\" content=\"@FAPAValencia\" \/>\n<meta name=\"twitter:label1\" content=\"Escrito por\" \/>\n\t<meta name=\"twitter:data1\" content=\"FAMPA Val\u00e8ncia\" \/>\n\t<meta name=\"twitter:label2\" content=\"Tiempo de lectura\" \/>\n\t<meta name=\"twitter:data2\" content=\"1 minuto\" \/>\n<script type=\"application\/ld+json\" class=\"yoast-schema-graph\">{\"@context\":\"https:\/\/schema.org\",\"@graph\":[{\"@type\":\"WebSite\",\"@id\":\"https:\/\/www.fampa-valencia.org\/#website\",\"url\":\"https:\/\/www.fampa-valencia.org\/\",\"name\":\"FAMPA Val\u00e8ncia\",\"description\":\"Fampa-Valencia. Federaci\u00f3n de Asociaciones de Padres i Madres de Alumnos Provincia de Valencia\",\"potentialAction\":[{\"@type\":\"SearchAction\",\"target\":{\"@type\":\"EntryPoint\",\"urlTemplate\":\"https:\/\/www.fampa-valencia.org\/?s={search_term_string}\"},\"query-input\":\"required name=search_term_string\"}],\"inLanguage\":\"es\"},{\"@type\":\"ImageObject\",\"inLanguage\":\"es\",\"@id\":\"https:\/\/www.fampa-valencia.org\/es\/ceapa-celebra-en-valencia-una-jornada-formativa-sobre-entornos-escolares-seguros\/#primaryimage\",\"url\":\"https:\/\/www.fampa-valencia.org\/wp-content\/uploads\/2022\/10\/308701852_8162594913815119_3864412989088347779_n.jpg\",\"contentUrl\":\"https:\/\/www.fampa-valencia.org\/wp-content\/uploads\/2022\/10\/308701852_8162594913815119_3864412989088347779_n.jpg\",\"width\":940,\"height\":788},{\"@type\":\"WebPage\",\"@id\":\"https:\/\/www.fampa-valencia.org\/es\/ceapa-celebra-en-valencia-una-jornada-formativa-sobre-entornos-escolares-seguros\/#webpage\",\"url\":\"https:\/\/www.fampa-valencia.org\/es\/ceapa-celebra-en-valencia-una-jornada-formativa-sobre-entornos-escolares-seguros\/\",\"name\":\"CEAPA celebra en Valencia una jornada formativa sobre entornos escolares seguros | FAMPA Val\u00e8ncia\",\"isPartOf\":{\"@id\":\"https:\/\/www.fampa-valencia.org\/#website\"},\"primaryImageOfPage\":{\"@id\":\"https:\/\/www.fampa-valencia.org\/es\/ceapa-celebra-en-valencia-una-jornada-formativa-sobre-entornos-escolares-seguros\/#primaryimage\"},\"datePublished\":\"2022-09-22T10:32:00+00:00\",\"dateModified\":\"2022-10-04T10:34:18+00:00\",\"author\":{\"@id\":\"https:\/\/www.fampa-valencia.org\/#\/schema\/person\/58499624ad1d1138239fccdd7d2e9b21\"},\"breadcrumb\":{\"@id\":\"https:\/\/www.fampa-valencia.org\/es\/ceapa-celebra-en-valencia-una-jornada-formativa-sobre-entornos-escolares-seguros\/#breadcrumb\"},\"inLanguage\":\"es\",\"potentialAction\":[{\"@type\":\"ReadAction\",\"target\":[\"https:\/\/www.fampa-valencia.org\/es\/ceapa-celebra-en-valencia-una-jornada-formativa-sobre-entornos-escolares-seguros\/\"]}]},{\"@type\":\"BreadcrumbList\",\"@id\":\"https:\/\/www.fampa-valencia.org\/es\/ceapa-celebra-en-valencia-una-jornada-formativa-sobre-entornos-escolares-seguros\/#breadcrumb\",\"itemListElement\":[{\"@type\":\"ListItem\",\"position\":1,\"name\":\"Inici\",\"item\":\"https:\/\/www.fampa-valencia.org\/es\/\"},{\"@type\":\"ListItem\",\"position\":2,\"name\":\"CEAPA celebra en Valencia una jornada formativa sobre entornos escolares seguros\"}]},{\"@type\":\"Person\",\"@id\":\"https:\/\/www.fampa-valencia.org\/#\/schema\/person\/58499624ad1d1138239fccdd7d2e9b21\",\"name\":\"FAMPA Val\u00e8ncia\",\"image\":{\"@type\":\"ImageObject\",\"inLanguage\":\"es\",\"@id\":\"https:\/\/www.fampa-valencia.org\/#\/schema\/person\/image\/\",\"url\":\"https:\/\/secure.gravatar.com\/avatar\/4a33268cd633b6573a8e702f19ee58dd?s=96&d=mm&r=g\",\"contentUrl\":\"https:\/\/secure.gravatar.com\/avatar\/4a33268cd633b6573a8e702f19ee58dd?s=96&d=mm&r=g\",\"caption\":\"FAMPA Val\u00e8ncia\"},\"url\":\"https:\/\/www.fampa-valencia.org\/es\/author\/fapaval\/\"}]}<\/script>\n<!-- \/ Yoast SEO plugin. -->","yoast_head_json":{"title":"CEAPA celebra en Valencia una jornada formativa sobre entornos escolares seguros | FAMPA Val\u00e8ncia","robots":{"index":"index","follow":"follow","max-snippet":"max-snippet:-1","max-image-preview":"max-image-preview:large","max-video-preview":"max-video-preview:-1"},"canonical":"https:\/\/www.fampa-valencia.org\/es\/ceapa-celebra-en-valencia-una-jornada-formativa-sobre-entornos-escolares-seguros\/","og_locale":"es_ES","og_type":"article","og_title":"CEAPA celebra en Valencia una jornada formativa sobre entornos escolares seguros | FAMPA Val\u00e8ncia","og_description":"Coincidiendo con la semana de la movilidad y bajo el lema \u201cCaminos escolares y medio ambiente\u201d la Confederaci\u00f3n estatal de AMPA &nbsp;(CEAPA) mediante su comisi\u00f3n de [&hellip;]","og_url":"https:\/\/www.fampa-valencia.org\/es\/ceapa-celebra-en-valencia-una-jornada-formativa-sobre-entornos-escolares-seguros\/","og_site_name":"FAMPA Val\u00e8ncia","article_publisher":"https:\/\/www.facebook.com\/fapa.valencia\/?fref=ts","article_published_time":"2022-09-22T10:32:00+00:00","article_modified_time":"2022-10-04T10:34:18+00:00","og_image":[{"width":940,"height":788,"url":"https:\/\/www.fampa-valencia.org\/wp-content\/uploads\/2022\/10\/308701852_8162594913815119_3864412989088347779_n.jpg","type":"image\/jpeg"}],"author":"FAMPA Val\u00e8ncia","twitter_card":"summary","twitter_creator":"@FAPAValencia","twitter_site":"@FAPAValencia","twitter_misc":{"Escrito por":"FAMPA Val\u00e8ncia","Tiempo de lectura":"1 minuto"},"schema":{"@context":"https:\/\/schema.org","@graph":[{"@type":"WebSite","@id":"https:\/\/www.fampa-valencia.org\/#website","url":"https:\/\/www.fampa-valencia.org\/","name":"FAMPA Val\u00e8ncia","description":"Fampa-Valencia. Federaci\u00f3n de Asociaciones de Padres i Madres de Alumnos Provincia de Valencia","potentialAction":[{"@type":"SearchAction","target":{"@type":"EntryPoint","urlTemplate":"https:\/\/www.fampa-valencia.org\/?s={search_term_string}"},"query-input":"required name=search_term_string"}],"inLanguage":"es"},{"@type":"ImageObject","inLanguage":"es","@id":"https:\/\/www.fampa-valencia.org\/es\/ceapa-celebra-en-valencia-una-jornada-formativa-sobre-entornos-escolares-seguros\/#primaryimage","url":"https:\/\/www.fampa-valencia.org\/wp-content\/uploads\/2022\/10\/308701852_8162594913815119_3864412989088347779_n.jpg","contentUrl":"https:\/\/www.fampa-valencia.org\/wp-content\/uploads\/2022\/10\/308701852_8162594913815119_3864412989088347779_n.jpg","width":940,"height":788},{"@type":"WebPage","@id":"https:\/\/www.fampa-valencia.org\/es\/ceapa-celebra-en-valencia-una-jornada-formativa-sobre-entornos-escolares-seguros\/#webpage","url":"https:\/\/www.fampa-valencia.org\/es\/ceapa-celebra-en-valencia-una-jornada-formativa-sobre-entornos-escolares-seguros\/","name":"CEAPA celebra en Valencia una jornada formativa sobre entornos escolares seguros | FAMPA Val\u00e8ncia","isPartOf":{"@id":"https:\/\/www.fampa-valencia.org\/#website"},"primaryImageOfPage":{"@id":"https:\/\/www.fampa-valencia.org\/es\/ceapa-celebra-en-valencia-una-jornada-formativa-sobre-entornos-escolares-seguros\/#primaryimage"},"datePublished":"2022-09-22T10:32:00+00:00","dateModified":"2022-10-04T10:34:18+00:00","author":{"@id":"https:\/\/www.fampa-valencia.org\/#\/schema\/person\/58499624ad1d1138239fccdd7d2e9b21"},"breadcrumb":{"@id":"https:\/\/www.fampa-valencia.org\/es\/ceapa-celebra-en-valencia-una-jornada-formativa-sobre-entornos-escolares-seguros\/#breadcrumb"},"inLanguage":"es","potentialAction":[{"@type":"ReadAction","target":["https:\/\/www.fampa-valencia.org\/es\/ceapa-celebra-en-valencia-una-jornada-formativa-sobre-entornos-escolares-seguros\/"]}]},{"@type":"BreadcrumbList","@id":"https:\/\/www.fampa-valencia.org\/es\/ceapa-celebra-en-valencia-una-jornada-formativa-sobre-entornos-escolares-seguros\/#breadcrumb","itemListElement":[{"@type":"ListItem","position":1,"name":"Inici","item":"https:\/\/www.fampa-valencia.org\/es\/"},{"@type":"ListItem","position":2,"name":"CEAPA celebra en Valencia una jornada formativa sobre entornos escolares seguros"}]},{"@type":"Person","@id":"https:\/\/www.fampa-valencia.org\/#\/schema\/person\/58499624ad1d1138239fccdd7d2e9b21","name":"FAMPA Val\u00e8ncia","image":{"@type":"ImageObject","inLanguage":"es","@id":"https:\/\/www.fampa-valencia.org\/#\/schema\/person\/image\/","url":"https:\/\/secure.gravatar.com\/avatar\/4a33268cd633b6573a8e702f19ee58dd?s=96&d=mm&r=g","contentUrl":"https:\/\/secure.gravatar.com\/avatar\/4a33268cd633b6573a8e702f19ee58dd?s=96&d=mm&r=g","caption":"FAMPA Val\u00e8ncia"},"url":"https:\/\/www.fampa-valencia.org\/es\/author\/fapaval\/"}]}},"jetpack_featured_media_url":"https:\/\/www.fampa-valencia.org\/wp-content\/uploads\/2022\/10\/308701852_8162594913815119_3864412989088347779_n.jpg","_links":{"self":[{"href":"https:\/\/www.fampa-valencia.org\/es\/wp-json\/wp\/v2\/posts\/10205"}],"collection":[{"href":"https:\/\/www.fampa-valencia.org\/es\/wp-json\/wp\/v2\/posts"}],"about":[{"href":"https:\/\/www.fampa-valencia.org\/es\/wp-json\/wp\/v2\/types\/post"}],"author":[{"embeddable":true,"href":"https:\/\/www.fampa-valencia.org\/es\/wp-json\/wp\/v2\/users\/5"}],"replies":[{"embeddable":true,"href":"https:\/\/www.fampa-valencia.org\/es\/wp-json\/wp\/v2\/comments?post=10205"}],"version-history":[{"count":1,"href":"https:\/\/www.fampa-valencia.org\/es\/wp-json\/wp\/v2\/posts\/10205\/revisions"}],"predecessor-version":[{"id":10206,"href":"https:\/\/www.fampa-valencia.org\/es\/wp-json\/wp\/v2\/posts\/10205\/revisions\/10206"}],"wp:featuredmedia":[{"embeddable":true,"href":"https:\/\/www.fampa-valencia.org\/es\/wp-json\/wp\/v2\/media\/10203"}],"wp:attachment":[{"href":"https:\/\/www.fampa-valencia.org\/es\/wp-json\/wp\/v2\/media?parent=10205"}],"wp:term":[{"taxonomy":"category","embeddable":true,"href":"https:\/\/www.fampa-valencia.org\/es\/wp-json\/wp\/v2\/categories?post=10205"},{"taxonomy":"post_tag","embeddable":true,"href":"https:\/\/www.fampa-valencia.org\/es\/wp-json\/wp\/v2\/tags?post=10205"}],"curies":[{"name":"wp","href":"https:\/\/api.w.org\/{rel}","templated":true}]}}