{"id":10483,"date":"2023-03-15T11:55:04","date_gmt":"2023-03-15T10:55:04","guid":{"rendered":"https:\/\/www.fampa-valencia.org\/?p=10483"},"modified":"2023-03-15T11:55:07","modified_gmt":"2023-03-15T10:55:07","slug":"publicado-el-calendario-de-admision-para-el-proximo-curso-2023-2024","status":"publish","type":"post","link":"https:\/\/www.fampa-valencia.org\/es\/publicado-el-calendario-de-admision-para-el-proximo-curso-2023-2024\/","title":{"rendered":"Publicado el calendario de admisi\u00f3n para el pr\u00f3ximo curso 2023-2024."},"content":{"rendered":"\n<p>Este procedimiento es sobre todo importante para las familias que matricul\u00e1is los hijos e hijas en Infantil de 3 a\u00f1os, en las aulas gratuitas de 2 a\u00f1os de los CEIP y en escoletes de titularidad de la Generalitat de 0-3 a\u00f1os.<br>Periodo de admisi\u00f3n para Infantil y Primaria: del 20 al 28 de abril<br>Periodo de admisi\u00f3n en ESO y Bachillerato: del 4 al 12 de mayo<\/p>\n\n\n\n<p>Resoluci\u00f3n: <a href=\"https:\/\/dogv.gva.es\/datos\/2023\/03\/13\/pdf\/2023_2551.pdf?fbclid=IwAR1p-1eVzhwqY7-o4HNFGVwyJTPnhYkCNDC3zwiUJWxnSvpb8BWhfQfXveM\" target=\"_blank\" rel=\"noreferrer noopener\">https:\/\/dogv.gva.es\/datos\/2023\/03\/13\/pdf\/2023_2551.pdf<\/a><\/p>\n\n\n\n<figure class=\"wp-container-2 wp-block-gallery-1 wp-block-gallery has-nested-images columns-default is-cropped\">\n<figure class=\"wp-block-image size-large\"><img loading=\"lazy\" width=\"940\" height=\"788\" data-id=\"10481\"  src=\"https:\/\/www.fampa-valencia.org\/wp-content\/uploads\/2023\/03\/Copia-de-Copia-de-Copia-de-Copia-de-1-1.png\" alt=\"\" class=\"wp-image-10481\" srcset=\"https:\/\/www.fampa-valencia.org\/wp-content\/uploads\/2023\/03\/Copia-de-Copia-de-Copia-de-Copia-de-1-1.png 940w, https:\/\/www.fampa-valencia.org\/wp-content\/uploads\/2023\/03\/Copia-de-Copia-de-Copia-de-Copia-de-1-1-300x251.png 300w, https:\/\/www.fampa-valencia.org\/wp-content\/uploads\/2023\/03\/Copia-de-Copia-de-Copia-de-Copia-de-1-1-768x644.png 768w, https:\/\/www.fampa-valencia.org\/wp-content\/uploads\/2023\/03\/Copia-de-Copia-de-Copia-de-Copia-de-1-1-174x146.png 174w, https:\/\/www.fampa-valencia.org\/wp-content\/uploads\/2023\/03\/Copia-de-Copia-de-Copia-de-Copia-de-1-1-50x42.png 50w, https:\/\/www.fampa-valencia.org\/wp-content\/uploads\/2023\/03\/Copia-de-Copia-de-Copia-de-Copia-de-1-1-89x75.png 89w, https:\/\/www.fampa-valencia.org\/wp-content\/uploads\/2023\/03\/Copia-de-Copia-de-Copia-de-Copia-de-1-1-640x537.png 640w\" sizes=\"(max-width: 940px) 100vw, 940px\" \/><\/figure>\n<\/figure>\n","protected":false},"excerpt":{"rendered":"<p>Este procedimiento es sobre todo importante para las familias que matricul\u00e1is los hijos e hijas en Infantil de 3 a\u00f1os, en las aulas gratuitas de 2 [&hellip;]<\/p>\n","protected":false},"author":5,"featured_media":10481,"comment_status":"closed","ping_status":"closed","sticky":false,"template":"","format":"standard","meta":{"jetpack_publicize_message":"","jetpack_is_tweetstorm":false,"jetpack_publicize_feature_enabled":true},"categories":[1],"tags":[],"jetpack_publicize_connections":[],"yoast_head":"<!-- This site is optimized with the Yoast SEO plugin v19.2 - https:\/\/yoast.com\/wordpress\/plugins\/seo\/ -->\n<title>Publicado el calendario de admisi\u00f3n para el pr\u00f3ximo curso 2023-2024. | FAMPA Val\u00e8ncia<\/title>\n<meta name=\"robots\" content=\"index, follow, max-snippet:-1, max-image-preview:large, max-video-preview:-1\" \/>\n<link rel=\"canonical\" href=\"https:\/\/www.fampa-valencia.org\/es\/publicado-el-calendario-de-admision-para-el-proximo-curso-2023-2024\/\" \/>\n<meta property=\"og:locale\" content=\"es_ES\" \/>\n<meta property=\"og:type\" content=\"article\" \/>\n<meta property=\"og:title\" content=\"Publicado el calendario de admisi\u00f3n para el pr\u00f3ximo curso 2023-2024. | FAMPA Val\u00e8ncia\" \/>\n<meta property=\"og:description\" content=\"Este procedimiento es sobre todo importante para las familias que matricul\u00e1is los hijos e hijas en Infantil de 3 a\u00f1os, en las aulas gratuitas de 2 [&hellip;]\" \/>\n<meta property=\"og:url\" content=\"https:\/\/www.fampa-valencia.org\/es\/publicado-el-calendario-de-admision-para-el-proximo-curso-2023-2024\/\" \/>\n<meta property=\"og:site_name\" content=\"FAMPA Val\u00e8ncia\" \/>\n<meta property=\"article:publisher\" content=\"https:\/\/www.facebook.com\/fapa.valencia\/?fref=ts\" \/>\n<meta property=\"article:published_time\" content=\"2023-03-15T10:55:04+00:00\" \/>\n<meta property=\"article:modified_time\" content=\"2023-03-15T10:55:07+00:00\" \/>\n<meta property=\"og:image\" content=\"https:\/\/www.fampa-valencia.org\/wp-content\/uploads\/2023\/03\/Copia-de-Copia-de-Copia-de-Copia-de-1-1.png\" \/>\n\t<meta property=\"og:image:width\" content=\"940\" \/>\n\t<meta property=\"og:image:height\" content=\"788\" \/>\n\t<meta property=\"og:image:type\" content=\"image\/png\" \/>\n<meta name=\"author\" content=\"FAMPA Val\u00e8ncia\" \/>\n<meta name=\"twitter:card\" content=\"summary\" \/>\n<meta name=\"twitter:creator\" content=\"@FAPAValencia\" \/>\n<meta name=\"twitter:site\" content=\"@FAPAValencia\" \/>\n<meta name=\"twitter:label1\" content=\"Escrito por\" \/>\n\t<meta name=\"twitter:data1\" content=\"FAMPA Val\u00e8ncia\" \/>\n\t<meta name=\"twitter:label2\" content=\"Tiempo de lectura\" \/>\n\t<meta name=\"twitter:data2\" content=\"1 minuto\" \/>\n<script type=\"application\/ld+json\" class=\"yoast-schema-graph\">{\"@context\":\"https:\/\/schema.org\",\"@graph\":[{\"@type\":\"WebSite\",\"@id\":\"https:\/\/www.fampa-valencia.org\/#website\",\"url\":\"https:\/\/www.fampa-valencia.org\/\",\"name\":\"FAMPA Val\u00e8ncia\",\"description\":\"Fampa-Valencia. Federaci\u00f3n de Asociaciones de Padres i Madres de Alumnos Provincia de Valencia\",\"potentialAction\":[{\"@type\":\"SearchAction\",\"target\":{\"@type\":\"EntryPoint\",\"urlTemplate\":\"https:\/\/www.fampa-valencia.org\/?s={search_term_string}\"},\"query-input\":\"required name=search_term_string\"}],\"inLanguage\":\"es\"},{\"@type\":\"ImageObject\",\"inLanguage\":\"es\",\"@id\":\"https:\/\/www.fampa-valencia.org\/es\/publicado-el-calendario-de-admision-para-el-proximo-curso-2023-2024\/#primaryimage\",\"url\":\"https:\/\/www.fampa-valencia.org\/wp-content\/uploads\/2023\/03\/Copia-de-Copia-de-Copia-de-Copia-de-1-1.png\",\"contentUrl\":\"https:\/\/www.fampa-valencia.org\/wp-content\/uploads\/2023\/03\/Copia-de-Copia-de-Copia-de-Copia-de-1-1.png\",\"width\":940,\"height\":788},{\"@type\":\"WebPage\",\"@id\":\"https:\/\/www.fampa-valencia.org\/es\/publicado-el-calendario-de-admision-para-el-proximo-curso-2023-2024\/#webpage\",\"url\":\"https:\/\/www.fampa-valencia.org\/es\/publicado-el-calendario-de-admision-para-el-proximo-curso-2023-2024\/\",\"name\":\"Publicado el calendario de admisi\u00f3n para el pr\u00f3ximo curso 2023-2024. | FAMPA Val\u00e8ncia\",\"isPartOf\":{\"@id\":\"https:\/\/www.fampa-valencia.org\/#website\"},\"primaryImageOfPage\":{\"@id\":\"https:\/\/www.fampa-valencia.org\/es\/publicado-el-calendario-de-admision-para-el-proximo-curso-2023-2024\/#primaryimage\"},\"datePublished\":\"2023-03-15T10:55:04+00:00\",\"dateModified\":\"2023-03-15T10:55:07+00:00\",\"author\":{\"@id\":\"https:\/\/www.fampa-valencia.org\/#\/schema\/person\/58499624ad1d1138239fccdd7d2e9b21\"},\"breadcrumb\":{\"@id\":\"https:\/\/www.fampa-valencia.org\/es\/publicado-el-calendario-de-admision-para-el-proximo-curso-2023-2024\/#breadcrumb\"},\"inLanguage\":\"es\",\"potentialAction\":[{\"@type\":\"ReadAction\",\"target\":[\"https:\/\/www.fampa-valencia.org\/es\/publicado-el-calendario-de-admision-para-el-proximo-curso-2023-2024\/\"]}]},{\"@type\":\"BreadcrumbList\",\"@id\":\"https:\/\/www.fampa-valencia.org\/es\/publicado-el-calendario-de-admision-para-el-proximo-curso-2023-2024\/#breadcrumb\",\"itemListElement\":[{\"@type\":\"ListItem\",\"position\":1,\"name\":\"Inici\",\"item\":\"https:\/\/www.fampa-valencia.org\/es\/\"},{\"@type\":\"ListItem\",\"position\":2,\"name\":\"Publicado el calendario de admisi\u00f3n para el pr\u00f3ximo curso 2023-2024.\"}]},{\"@type\":\"Person\",\"@id\":\"https:\/\/www.fampa-valencia.org\/#\/schema\/person\/58499624ad1d1138239fccdd7d2e9b21\",\"name\":\"FAMPA Val\u00e8ncia\",\"image\":{\"@type\":\"ImageObject\",\"inLanguage\":\"es\",\"@id\":\"https:\/\/www.fampa-valencia.org\/#\/schema\/person\/image\/\",\"url\":\"https:\/\/secure.gravatar.com\/avatar\/4a33268cd633b6573a8e702f19ee58dd?s=96&d=mm&r=g\",\"contentUrl\":\"https:\/\/secure.gravatar.com\/avatar\/4a33268cd633b6573a8e702f19ee58dd?s=96&d=mm&r=g\",\"caption\":\"FAMPA Val\u00e8ncia\"},\"url\":\"https:\/\/www.fampa-valencia.org\/es\/author\/fapaval\/\"}]}<\/script>\n<!-- \/ Yoast SEO plugin. -->","yoast_head_json":{"title":"Publicado el calendario de admisi\u00f3n para el pr\u00f3ximo curso 2023-2024. | FAMPA Val\u00e8ncia","robots":{"index":"index","follow":"follow","max-snippet":"max-snippet:-1","max-image-preview":"max-image-preview:large","max-video-preview":"max-video-preview:-1"},"canonical":"https:\/\/www.fampa-valencia.org\/es\/publicado-el-calendario-de-admision-para-el-proximo-curso-2023-2024\/","og_locale":"es_ES","og_type":"article","og_title":"Publicado el calendario de admisi\u00f3n para el pr\u00f3ximo curso 2023-2024. | FAMPA Val\u00e8ncia","og_description":"Este procedimiento es sobre todo importante para las familias que matricul\u00e1is los hijos e hijas en Infantil de 3 a\u00f1os, en las aulas gratuitas de 2 [&hellip;]","og_url":"https:\/\/www.fampa-valencia.org\/es\/publicado-el-calendario-de-admision-para-el-proximo-curso-2023-2024\/","og_site_name":"FAMPA Val\u00e8ncia","article_publisher":"https:\/\/www.facebook.com\/fapa.valencia\/?fref=ts","article_published_time":"2023-03-15T10:55:04+00:00","article_modified_time":"2023-03-15T10:55:07+00:00","og_image":[{"width":940,"height":788,"url":"https:\/\/www.fampa-valencia.org\/wp-content\/uploads\/2023\/03\/Copia-de-Copia-de-Copia-de-Copia-de-1-1.png","type":"image\/png"}],"author":"FAMPA Val\u00e8ncia","twitter_card":"summary","twitter_creator":"@FAPAValencia","twitter_site":"@FAPAValencia","twitter_misc":{"Escrito por":"FAMPA Val\u00e8ncia","Tiempo de lectura":"1 minuto"},"schema":{"@context":"https:\/\/schema.org","@graph":[{"@type":"WebSite","@id":"https:\/\/www.fampa-valencia.org\/#website","url":"https:\/\/www.fampa-valencia.org\/","name":"FAMPA Val\u00e8ncia","description":"Fampa-Valencia. Federaci\u00f3n de Asociaciones de Padres i Madres de Alumnos Provincia de Valencia","potentialAction":[{"@type":"SearchAction","target":{"@type":"EntryPoint","urlTemplate":"https:\/\/www.fampa-valencia.org\/?s={search_term_string}"},"query-input":"required name=search_term_string"}],"inLanguage":"es"},{"@type":"ImageObject","inLanguage":"es","@id":"https:\/\/www.fampa-valencia.org\/es\/publicado-el-calendario-de-admision-para-el-proximo-curso-2023-2024\/#primaryimage","url":"https:\/\/www.fampa-valencia.org\/wp-content\/uploads\/2023\/03\/Copia-de-Copia-de-Copia-de-Copia-de-1-1.png","contentUrl":"https:\/\/www.fampa-valencia.org\/wp-content\/uploads\/2023\/03\/Copia-de-Copia-de-Copia-de-Copia-de-1-1.png","width":940,"height":788},{"@type":"WebPage","@id":"https:\/\/www.fampa-valencia.org\/es\/publicado-el-calendario-de-admision-para-el-proximo-curso-2023-2024\/#webpage","url":"https:\/\/www.fampa-valencia.org\/es\/publicado-el-calendario-de-admision-para-el-proximo-curso-2023-2024\/","name":"Publicado el calendario de admisi\u00f3n para el pr\u00f3ximo curso 2023-2024. | FAMPA Val\u00e8ncia","isPartOf":{"@id":"https:\/\/www.fampa-valencia.org\/#website"},"primaryImageOfPage":{"@id":"https:\/\/www.fampa-valencia.org\/es\/publicado-el-calendario-de-admision-para-el-proximo-curso-2023-2024\/#primaryimage"},"datePublished":"2023-03-15T10:55:04+00:00","dateModified":"2023-03-15T10:55:07+00:00","author":{"@id":"https:\/\/www.fampa-valencia.org\/#\/schema\/person\/58499624ad1d1138239fccdd7d2e9b21"},"breadcrumb":{"@id":"https:\/\/www.fampa-valencia.org\/es\/publicado-el-calendario-de-admision-para-el-proximo-curso-2023-2024\/#breadcrumb"},"inLanguage":"es","potentialAction":[{"@type":"ReadAction","target":["https:\/\/www.fampa-valencia.org\/es\/publicado-el-calendario-de-admision-para-el-proximo-curso-2023-2024\/"]}]},{"@type":"BreadcrumbList","@id":"https:\/\/www.fampa-valencia.org\/es\/publicado-el-calendario-de-admision-para-el-proximo-curso-2023-2024\/#breadcrumb","itemListElement":[{"@type":"ListItem","position":1,"name":"Inici","item":"https:\/\/www.fampa-valencia.org\/es\/"},{"@type":"ListItem","position":2,"name":"Publicado el calendario de admisi\u00f3n para el pr\u00f3ximo curso 2023-2024."}]},{"@type":"Person","@id":"https:\/\/www.fampa-valencia.org\/#\/schema\/person\/58499624ad1d1138239fccdd7d2e9b21","name":"FAMPA Val\u00e8ncia","image":{"@type":"ImageObject","inLanguage":"es","@id":"https:\/\/www.fampa-valencia.org\/#\/schema\/person\/image\/","url":"https:\/\/secure.gravatar.com\/avatar\/4a33268cd633b6573a8e702f19ee58dd?s=96&d=mm&r=g","contentUrl":"https:\/\/secure.gravatar.com\/avatar\/4a33268cd633b6573a8e702f19ee58dd?s=96&d=mm&r=g","caption":"FAMPA Val\u00e8ncia"},"url":"https:\/\/www.fampa-valencia.org\/es\/author\/fapaval\/"}]}},"jetpack_featured_media_url":"https:\/\/www.fampa-valencia.org\/wp-content\/uploads\/2023\/03\/Copia-de-Copia-de-Copia-de-Copia-de-1-1.png","_links":{"self":[{"href":"https:\/\/www.fampa-valencia.org\/es\/wp-json\/wp\/v2\/posts\/10483"}],"collection":[{"href":"https:\/\/www.fampa-valencia.org\/es\/wp-json\/wp\/v2\/posts"}],"about":[{"href":"https:\/\/www.fampa-valencia.org\/es\/wp-json\/wp\/v2\/types\/post"}],"author":[{"embeddable":true,"href":"https:\/\/www.fampa-valencia.org\/es\/wp-json\/wp\/v2\/users\/5"}],"replies":[{"embeddable":true,"href":"https:\/\/www.fampa-valencia.org\/es\/wp-json\/wp\/v2\/comments?post=10483"}],"version-history":[{"count":1,"href":"https:\/\/www.fampa-valencia.org\/es\/wp-json\/wp\/v2\/posts\/10483\/revisions"}],"predecessor-version":[{"id":10484,"href":"https:\/\/www.fampa-valencia.org\/es\/wp-json\/wp\/v2\/posts\/10483\/revisions\/10484"}],"wp:featuredmedia":[{"embeddable":true,"href":"https:\/\/www.fampa-valencia.org\/es\/wp-json\/wp\/v2\/media\/10481"}],"wp:attachment":[{"href":"https:\/\/www.fampa-valencia.org\/es\/wp-json\/wp\/v2\/media?parent=10483"}],"wp:term":[{"taxonomy":"category","embeddable":true,"href":"https:\/\/www.fampa-valencia.org\/es\/wp-json\/wp\/v2\/categories?post=10483"},{"taxonomy":"post_tag","embeddable":true,"href":"https:\/\/www.fampa-valencia.org\/es\/wp-json\/wp\/v2\/tags?post=10483"}],"curies":[{"name":"wp","href":"https:\/\/api.w.org\/{rel}","templated":true}]}}