{"id":13161,"date":"2025-10-17T14:06:09","date_gmt":"2025-10-17T12:06:09","guid":{"rendered":"https:\/\/www.fampa-valencia.org\/?p=13161"},"modified":"2025-10-17T14:06:10","modified_gmt":"2025-10-17T12:06:10","slug":"19-de-noviembre-tu-voto-hace-una-escuela-mejor","status":"publish","type":"post","link":"https:\/\/www.fampa-valencia.org\/es\/19-de-noviembre-tu-voto-hace-una-escuela-mejor\/","title":{"rendered":"19 de noviembre: \u201cTu voto hace una escuela mejor\u201d"},"content":{"rendered":"\n<figure class=\"wp-block-image size-large\"><img loading=\"lazy\" width=\"768\" height=\"1024\" src=\"https:\/\/www.fampa-valencia.org\/wp-content\/uploads\/2025\/10\/instagram-FAMPA-Valencia-768x1024.jpg\" alt=\"\" class=\"wp-image-13156\" srcset=\"https:\/\/www.fampa-valencia.org\/wp-content\/uploads\/2025\/10\/instagram-FAMPA-Valencia-768x1024.jpg 768w, https:\/\/www.fampa-valencia.org\/wp-content\/uploads\/2025\/10\/instagram-FAMPA-Valencia-225x300.jpg 225w, https:\/\/www.fampa-valencia.org\/wp-content\/uploads\/2025\/10\/instagram-FAMPA-Valencia-110x146.jpg 110w, https:\/\/www.fampa-valencia.org\/wp-content\/uploads\/2025\/10\/instagram-FAMPA-Valencia-38x50.jpg 38w, https:\/\/www.fampa-valencia.org\/wp-content\/uploads\/2025\/10\/instagram-FAMPA-Valencia-56x75.jpg 56w, https:\/\/www.fampa-valencia.org\/wp-content\/uploads\/2025\/10\/instagram-FAMPA-Valencia-640x853.jpg 640w, https:\/\/www.fampa-valencia.org\/wp-content\/uploads\/2025\/10\/instagram-FAMPA-Valencia.jpg 1080w\" sizes=\"(max-width: 768px) 100vw, 768px\" \/><\/figure>\n\n\n\n<p>Se acerca el <strong>19 de noviembre<\/strong>, d\u00eda de las elecciones a los consejos escolares en los centros educativos. Las<strong> familias tenemos la oportunidad de tener voz y voto en el Consejo Escolar, de mejorar el d\u00eda a d\u00eda de nuestro centro educativo<\/strong>. Es, por esta raz\u00f3n, que nos dirigimos a vosotros para daros las gracias por&nbsp; implicaros y participar tanto en las elecciones&nbsp; como padres y madres candidatas de la AMPA como familias que votan para elegir a sus representantes en los consejos escolares.&nbsp;<\/p>\n\n\n\n<p>Este a\u00f1o, la campa\u00f1a <strong>valora la importancia de votar el 19 de noviembre para demostrar que las familias queremos una escuela mejor, en la que todo se decide en el Consejo Escolar. Con el eslogan, <\/strong>&nbsp;la Confederaci\u00f3n Gonzalo Anaya, con FAMPA Castell\u00f3 Penyagolosa, FAMPA-Val\u00e8ncia y FAMPA Enric Valor Alacant animamos a todas las familias a participar en las elecciones y a implicarse para mejorar su escuela.&nbsp;<\/p>\n\n\n\n<p>Ahora que ya ten\u00e9is claro que quer\u00e9is ser candidatas y candidatos del AMPA a las elecciones a los consejos escolares de centro, os compartimos los materiales de la campa\u00f1a de las elecciones a consejos escolares de centro (calendario general, hoja oficial de presentaci\u00f3n de candidatura de la AMPA, cartel general y cartel para personalizar con las candidatas y los candidatos), todo para apoyaros con la campa\u00f1a del 19N de <strong>FAMPA Castell\u00f3 Penyagolosa, FAMPA-Val\u00e8ncia y FAMPA Enric Valor Alicante<\/strong> unidas<strong> <\/strong>a la <strong>Confederaci\u00f3n de AMPA Gonzalo Anaya de la Comunidad Valenciana<\/strong><\/p>\n\n\n\n<p><\/p>\n\n\n\n<p>Desde FAMPA estamos para apoyar a las madres y padres de alumnos que han presentado candidaturas de las AMPA, adscrita a la federaci\u00f3n. Os acompa\u00f1amos antes y despu\u00e9s del proceso electoral.\u00a0<\/p>\n\n\n\n<p>Aqu\u00ed os dejamos los materiales que os puedan ayudar en todo el procedimento:<\/p>\n\n\n\n<p><a href=\"https:\/\/www.fampa-valencia.org\/wp-content\/uploads\/2025\/10\/instagram-FAMPA-Valencia.jpg\">Cartell<\/a><\/p>\n\n\n\n<p><a href=\"https:\/\/www.fampa-valencia.org\/wp-content\/uploads\/2025\/10\/valencia-3.jpg\">Cartell candidatura<\/a><\/p>\n\n\n\n<p><a href=\"https:\/\/www.fampa-valencia.org\/wp-content\/uploads\/2025\/10\/valencia-2.jpg\">Candidatura oficial<\/a><\/p>\n\n\n\n<p><a href=\"https:\/\/www.fampa-valencia.org\/wp-content\/uploads\/2025\/10\/CALENDARI-FAMPA_VAL_VAL.png\">Calendari<\/a><\/p>\n\n\n\n<p><a href=\"https:\/\/www.fampa-valencia.org\/wp-content\/uploads\/2025\/10\/MANUAL-DE-CONSELLS-ESCOLARS_25-1.pdf\">Manual<\/a><\/p>\n\n\n\n<p>P\u00e1gina web Conselleria con la normativa. Click\u00a0<a href=\"https:\/\/ceice.gva.es\/va\/web\/madres-padres-alumnos\/eleccions-centres\">ac\u00ed<\/a><\/p>\n","protected":false},"excerpt":{"rendered":"<p>Se acerca el 19 de noviembre, d\u00eda de las elecciones a los consejos escolares en los centros educativos. Las familias tenemos la oportunidad de tener voz [&hellip;]<\/p>\n","protected":false},"author":5,"featured_media":13156,"comment_status":"closed","ping_status":"closed","sticky":false,"template":"","format":"standard","meta":{"jetpack_publicize_message":"","jetpack_is_tweetstorm":false,"jetpack_publicize_feature_enabled":true},"categories":[1],"tags":[],"jetpack_publicize_connections":[],"yoast_head":"<!-- This site is optimized with the Yoast SEO plugin v19.2 - https:\/\/yoast.com\/wordpress\/plugins\/seo\/ -->\n<title>19 de noviembre: \u201cTu voto hace una escuela mejor\u201d | FAMPA Val\u00e8ncia<\/title>\n<meta name=\"robots\" content=\"index, follow, max-snippet:-1, max-image-preview:large, max-video-preview:-1\" \/>\n<link rel=\"canonical\" href=\"https:\/\/www.fampa-valencia.org\/es\/19-de-noviembre-tu-voto-hace-una-escuela-mejor\/\" \/>\n<meta property=\"og:locale\" content=\"es_ES\" \/>\n<meta property=\"og:type\" content=\"article\" \/>\n<meta property=\"og:title\" content=\"19 de noviembre: \u201cTu voto hace una escuela mejor\u201d | FAMPA Val\u00e8ncia\" \/>\n<meta property=\"og:description\" content=\"Se acerca el 19 de noviembre, d\u00eda de las elecciones a los consejos escolares en los centros educativos. Las familias tenemos la oportunidad de tener voz [&hellip;]\" \/>\n<meta property=\"og:url\" content=\"https:\/\/www.fampa-valencia.org\/es\/19-de-noviembre-tu-voto-hace-una-escuela-mejor\/\" \/>\n<meta property=\"og:site_name\" content=\"FAMPA Val\u00e8ncia\" \/>\n<meta property=\"article:publisher\" content=\"https:\/\/www.facebook.com\/fapa.valencia\/?fref=ts\" \/>\n<meta property=\"article:published_time\" content=\"2025-10-17T12:06:09+00:00\" \/>\n<meta property=\"article:modified_time\" content=\"2025-10-17T12:06:10+00:00\" \/>\n<meta property=\"og:image\" content=\"https:\/\/www.fampa-valencia.org\/wp-content\/uploads\/2025\/10\/instagram-FAMPA-Valencia.jpg\" \/>\n\t<meta property=\"og:image:width\" content=\"1080\" \/>\n\t<meta property=\"og:image:height\" content=\"1440\" \/>\n\t<meta property=\"og:image:type\" content=\"image\/jpeg\" \/>\n<meta name=\"author\" content=\"FAMPA Val\u00e8ncia\" \/>\n<meta name=\"twitter:card\" content=\"summary\" \/>\n<meta name=\"twitter:creator\" content=\"@FAPAValencia\" \/>\n<meta name=\"twitter:site\" content=\"@FAPAValencia\" \/>\n<meta name=\"twitter:label1\" content=\"Escrito por\" \/>\n\t<meta name=\"twitter:data1\" content=\"FAMPA Val\u00e8ncia\" \/>\n\t<meta name=\"twitter:label2\" content=\"Tiempo de lectura\" \/>\n\t<meta name=\"twitter:data2\" content=\"2 minutos\" \/>\n<script type=\"application\/ld+json\" class=\"yoast-schema-graph\">{\"@context\":\"https:\/\/schema.org\",\"@graph\":[{\"@type\":\"WebSite\",\"@id\":\"https:\/\/www.fampa-valencia.org\/#website\",\"url\":\"https:\/\/www.fampa-valencia.org\/\",\"name\":\"FAMPA Val\u00e8ncia\",\"description\":\"Fampa-Valencia. Federaci\u00f3n de Asociaciones de Padres i Madres de Alumnos Provincia de Valencia\",\"potentialAction\":[{\"@type\":\"SearchAction\",\"target\":{\"@type\":\"EntryPoint\",\"urlTemplate\":\"https:\/\/www.fampa-valencia.org\/?s={search_term_string}\"},\"query-input\":\"required name=search_term_string\"}],\"inLanguage\":\"es\"},{\"@type\":\"ImageObject\",\"inLanguage\":\"es\",\"@id\":\"https:\/\/www.fampa-valencia.org\/es\/19-de-noviembre-tu-voto-hace-una-escuela-mejor\/#primaryimage\",\"url\":\"https:\/\/www.fampa-valencia.org\/wp-content\/uploads\/2025\/10\/instagram-FAMPA-Valencia.jpg\",\"contentUrl\":\"https:\/\/www.fampa-valencia.org\/wp-content\/uploads\/2025\/10\/instagram-FAMPA-Valencia.jpg\",\"width\":1080,\"height\":1440},{\"@type\":\"WebPage\",\"@id\":\"https:\/\/www.fampa-valencia.org\/es\/19-de-noviembre-tu-voto-hace-una-escuela-mejor\/#webpage\",\"url\":\"https:\/\/www.fampa-valencia.org\/es\/19-de-noviembre-tu-voto-hace-una-escuela-mejor\/\",\"name\":\"19 de noviembre: \u201cTu voto hace una escuela mejor\u201d | FAMPA Val\u00e8ncia\",\"isPartOf\":{\"@id\":\"https:\/\/www.fampa-valencia.org\/#website\"},\"primaryImageOfPage\":{\"@id\":\"https:\/\/www.fampa-valencia.org\/es\/19-de-noviembre-tu-voto-hace-una-escuela-mejor\/#primaryimage\"},\"datePublished\":\"2025-10-17T12:06:09+00:00\",\"dateModified\":\"2025-10-17T12:06:10+00:00\",\"author\":{\"@id\":\"https:\/\/www.fampa-valencia.org\/#\/schema\/person\/58499624ad1d1138239fccdd7d2e9b21\"},\"breadcrumb\":{\"@id\":\"https:\/\/www.fampa-valencia.org\/es\/19-de-noviembre-tu-voto-hace-una-escuela-mejor\/#breadcrumb\"},\"inLanguage\":\"es\",\"potentialAction\":[{\"@type\":\"ReadAction\",\"target\":[\"https:\/\/www.fampa-valencia.org\/es\/19-de-noviembre-tu-voto-hace-una-escuela-mejor\/\"]}]},{\"@type\":\"BreadcrumbList\",\"@id\":\"https:\/\/www.fampa-valencia.org\/es\/19-de-noviembre-tu-voto-hace-una-escuela-mejor\/#breadcrumb\",\"itemListElement\":[{\"@type\":\"ListItem\",\"position\":1,\"name\":\"Inici\",\"item\":\"https:\/\/www.fampa-valencia.org\/es\/\"},{\"@type\":\"ListItem\",\"position\":2,\"name\":\"19 de noviembre: \u201cTu voto hace una escuela mejor\u201d\"}]},{\"@type\":\"Person\",\"@id\":\"https:\/\/www.fampa-valencia.org\/#\/schema\/person\/58499624ad1d1138239fccdd7d2e9b21\",\"name\":\"FAMPA Val\u00e8ncia\",\"image\":{\"@type\":\"ImageObject\",\"inLanguage\":\"es\",\"@id\":\"https:\/\/www.fampa-valencia.org\/#\/schema\/person\/image\/\",\"url\":\"https:\/\/secure.gravatar.com\/avatar\/4a33268cd633b6573a8e702f19ee58dd?s=96&d=mm&r=g\",\"contentUrl\":\"https:\/\/secure.gravatar.com\/avatar\/4a33268cd633b6573a8e702f19ee58dd?s=96&d=mm&r=g\",\"caption\":\"FAMPA Val\u00e8ncia\"},\"url\":\"https:\/\/www.fampa-valencia.org\/es\/author\/fapaval\/\"}]}<\/script>\n<!-- \/ Yoast SEO plugin. -->","yoast_head_json":{"title":"19 de noviembre: \u201cTu voto hace una escuela mejor\u201d | FAMPA Val\u00e8ncia","robots":{"index":"index","follow":"follow","max-snippet":"max-snippet:-1","max-image-preview":"max-image-preview:large","max-video-preview":"max-video-preview:-1"},"canonical":"https:\/\/www.fampa-valencia.org\/es\/19-de-noviembre-tu-voto-hace-una-escuela-mejor\/","og_locale":"es_ES","og_type":"article","og_title":"19 de noviembre: \u201cTu voto hace una escuela mejor\u201d | FAMPA Val\u00e8ncia","og_description":"Se acerca el 19 de noviembre, d\u00eda de las elecciones a los consejos escolares en los centros educativos. Las familias tenemos la oportunidad de tener voz [&hellip;]","og_url":"https:\/\/www.fampa-valencia.org\/es\/19-de-noviembre-tu-voto-hace-una-escuela-mejor\/","og_site_name":"FAMPA Val\u00e8ncia","article_publisher":"https:\/\/www.facebook.com\/fapa.valencia\/?fref=ts","article_published_time":"2025-10-17T12:06:09+00:00","article_modified_time":"2025-10-17T12:06:10+00:00","og_image":[{"width":1080,"height":1440,"url":"https:\/\/www.fampa-valencia.org\/wp-content\/uploads\/2025\/10\/instagram-FAMPA-Valencia.jpg","type":"image\/jpeg"}],"author":"FAMPA Val\u00e8ncia","twitter_card":"summary","twitter_creator":"@FAPAValencia","twitter_site":"@FAPAValencia","twitter_misc":{"Escrito por":"FAMPA Val\u00e8ncia","Tiempo de lectura":"2 minutos"},"schema":{"@context":"https:\/\/schema.org","@graph":[{"@type":"WebSite","@id":"https:\/\/www.fampa-valencia.org\/#website","url":"https:\/\/www.fampa-valencia.org\/","name":"FAMPA Val\u00e8ncia","description":"Fampa-Valencia. Federaci\u00f3n de Asociaciones de Padres i Madres de Alumnos Provincia de Valencia","potentialAction":[{"@type":"SearchAction","target":{"@type":"EntryPoint","urlTemplate":"https:\/\/www.fampa-valencia.org\/?s={search_term_string}"},"query-input":"required name=search_term_string"}],"inLanguage":"es"},{"@type":"ImageObject","inLanguage":"es","@id":"https:\/\/www.fampa-valencia.org\/es\/19-de-noviembre-tu-voto-hace-una-escuela-mejor\/#primaryimage","url":"https:\/\/www.fampa-valencia.org\/wp-content\/uploads\/2025\/10\/instagram-FAMPA-Valencia.jpg","contentUrl":"https:\/\/www.fampa-valencia.org\/wp-content\/uploads\/2025\/10\/instagram-FAMPA-Valencia.jpg","width":1080,"height":1440},{"@type":"WebPage","@id":"https:\/\/www.fampa-valencia.org\/es\/19-de-noviembre-tu-voto-hace-una-escuela-mejor\/#webpage","url":"https:\/\/www.fampa-valencia.org\/es\/19-de-noviembre-tu-voto-hace-una-escuela-mejor\/","name":"19 de noviembre: \u201cTu voto hace una escuela mejor\u201d | FAMPA Val\u00e8ncia","isPartOf":{"@id":"https:\/\/www.fampa-valencia.org\/#website"},"primaryImageOfPage":{"@id":"https:\/\/www.fampa-valencia.org\/es\/19-de-noviembre-tu-voto-hace-una-escuela-mejor\/#primaryimage"},"datePublished":"2025-10-17T12:06:09+00:00","dateModified":"2025-10-17T12:06:10+00:00","author":{"@id":"https:\/\/www.fampa-valencia.org\/#\/schema\/person\/58499624ad1d1138239fccdd7d2e9b21"},"breadcrumb":{"@id":"https:\/\/www.fampa-valencia.org\/es\/19-de-noviembre-tu-voto-hace-una-escuela-mejor\/#breadcrumb"},"inLanguage":"es","potentialAction":[{"@type":"ReadAction","target":["https:\/\/www.fampa-valencia.org\/es\/19-de-noviembre-tu-voto-hace-una-escuela-mejor\/"]}]},{"@type":"BreadcrumbList","@id":"https:\/\/www.fampa-valencia.org\/es\/19-de-noviembre-tu-voto-hace-una-escuela-mejor\/#breadcrumb","itemListElement":[{"@type":"ListItem","position":1,"name":"Inici","item":"https:\/\/www.fampa-valencia.org\/es\/"},{"@type":"ListItem","position":2,"name":"19 de noviembre: \u201cTu voto hace una escuela mejor\u201d"}]},{"@type":"Person","@id":"https:\/\/www.fampa-valencia.org\/#\/schema\/person\/58499624ad1d1138239fccdd7d2e9b21","name":"FAMPA Val\u00e8ncia","image":{"@type":"ImageObject","inLanguage":"es","@id":"https:\/\/www.fampa-valencia.org\/#\/schema\/person\/image\/","url":"https:\/\/secure.gravatar.com\/avatar\/4a33268cd633b6573a8e702f19ee58dd?s=96&d=mm&r=g","contentUrl":"https:\/\/secure.gravatar.com\/avatar\/4a33268cd633b6573a8e702f19ee58dd?s=96&d=mm&r=g","caption":"FAMPA Val\u00e8ncia"},"url":"https:\/\/www.fampa-valencia.org\/es\/author\/fapaval\/"}]}},"jetpack_featured_media_url":"https:\/\/www.fampa-valencia.org\/wp-content\/uploads\/2025\/10\/instagram-FAMPA-Valencia.jpg","_links":{"self":[{"href":"https:\/\/www.fampa-valencia.org\/es\/wp-json\/wp\/v2\/posts\/13161"}],"collection":[{"href":"https:\/\/www.fampa-valencia.org\/es\/wp-json\/wp\/v2\/posts"}],"about":[{"href":"https:\/\/www.fampa-valencia.org\/es\/wp-json\/wp\/v2\/types\/post"}],"author":[{"embeddable":true,"href":"https:\/\/www.fampa-valencia.org\/es\/wp-json\/wp\/v2\/users\/5"}],"replies":[{"embeddable":true,"href":"https:\/\/www.fampa-valencia.org\/es\/wp-json\/wp\/v2\/comments?post=13161"}],"version-history":[{"count":1,"href":"https:\/\/www.fampa-valencia.org\/es\/wp-json\/wp\/v2\/posts\/13161\/revisions"}],"predecessor-version":[{"id":13164,"href":"https:\/\/www.fampa-valencia.org\/es\/wp-json\/wp\/v2\/posts\/13161\/revisions\/13164"}],"wp:featuredmedia":[{"embeddable":true,"href":"https:\/\/www.fampa-valencia.org\/es\/wp-json\/wp\/v2\/media\/13156"}],"wp:attachment":[{"href":"https:\/\/www.fampa-valencia.org\/es\/wp-json\/wp\/v2\/media?parent=13161"}],"wp:term":[{"taxonomy":"category","embeddable":true,"href":"https:\/\/www.fampa-valencia.org\/es\/wp-json\/wp\/v2\/categories?post=13161"},{"taxonomy":"post_tag","embeddable":true,"href":"https:\/\/www.fampa-valencia.org\/es\/wp-json\/wp\/v2\/tags?post=13161"}],"curies":[{"name":"wp","href":"https:\/\/api.w.org\/{rel}","templated":true}]}}