{"id":13595,"date":"2026-04-30T13:59:55","date_gmt":"2026-04-30T11:59:55","guid":{"rendered":"https:\/\/www.fampa-valencia.org\/?p=13595"},"modified":"2026-04-30T13:59:56","modified_gmt":"2026-04-30T11:59:56","slug":"comunicadod-e-fampa-valencia-sobre-la-huelga-educativa-indefinida-del-11-de-mayo","status":"publish","type":"post","link":"https:\/\/www.fampa-valencia.org\/es\/comunicadod-e-fampa-valencia-sobre-la-huelga-educativa-indefinida-del-11-de-mayo\/","title":{"rendered":"Comunicadod e FAMPA-Val\u00e8ncia sobre la huelga educativa indefinida del 11 de mayo"},"content":{"rendered":"\n<p>El pr\u00f3ximo 11 de mayo, la comunidad educativa vuelve a dar un paso adelante con la fuerza que ya demostr\u00f3 el pasado 11 de diciembre y tambi\u00e9n el 31 de marzo. Aquellas jornadas fueron los primeros avisos: la defensa de la educaci\u00f3n p\u00fablica, de calidad y en valenciano no se para. Hoy, continuamos la movilizaci\u00f3n con m\u00e1s determinaci\u00f3n que nunca, porque las causas que nos llevaron a las calles no se han resuelto, y algunas adem\u00e1s se han agraviado. A pesar de la dimisi\u00f3n de Maz\u00f3n y el cambio de nombre al frente de la Conseller\u00eda de Educaci\u00f3n, el talante no ha mejorado, al contrario, no hay negociaci\u00f3n y los motivos se enquistan. La defensa de la lengua, mejores infraestructuras, unas condiciones laborales dignas y en definitiva la defensa de una ense\u00f1anza p\u00fablica de calidad que la Conseller\u00eda est\u00e1 denigrando. Y junto a esto una Conseller\u00eda que \u201cse burla de toda la comunidad educativa\u201d cada vez que se sienta a una mesa a negociar. FAMPA-Val\u00e8ncia hace un llamamiento a toda la comunidad educativa a secundar la huelga indefinida que definan los sindicatos y motiva a participar en las movilizaciones que se convocar\u00e1n en las tres capitales de provincia.<\/p>\n\n\n\n<p>Desde el inicio de curso hemos sufrido precariedad, improvisaci\u00f3n, infrafinanciaci\u00f3n, recortes y una absoluta carencia de respeto hacia la comunidad educativa en bloque, hacia nuestros derechos. Estas pol\u00edticas han golpeado no solo el profesorado, sino tambi\u00e9n al personal que sostiene y hace posible el funcionamiento diario de los centros, y tambi\u00e9n las familias se han visto afectadas por las negligentes aportaciones de esta Conseller\u00eda de Educaci\u00f3n.<\/p>\n\n\n\n<p>La huelga del 11 de mayo es, por lo tanto, una respuesta necesaria y colectiva. Nuestras reivindicaciones son claras:<\/p>\n\n\n\n<p><strong>1. Derogaci\u00f3n inmediata de la Ley Rovira<\/strong><\/p>\n\n\n\n<p>Pedimos a la nueva Consellera de Educaci\u00f3n que act\u00fae con responsabilidad y escuche el clamor un\u00e1nime de los centros y familias: hay que derogar una ley que debilita el valenciano como lengua vehicular, desvertebra el sistema educativo y genera desigualdades territoriales. Necesitamos una normativa que garantice cohesi\u00f3n, equidad y estabilidad.<\/p>\n\n\n\n<p><strong>2. Ratios m\u00e1s bajas y recursos suficientes<\/strong><\/p>\n\n\n\n<p>Las aulas masificadas impiden una educaci\u00f3n de calidad. Reducir las ratios es imprescindible para garantizar una educaci\u00f3n de calidad, inclusiva y atenta a las necesidades del alumnado, y siempre acompa\u00f1ada de los recursos necesarios.<\/p>\n\n\n\n<p><strong>3. Menos burocracia y mejora de la salud laboral del profesorado<\/strong><\/p>\n\n\n\n<p>La sobrecarga administrativa impide hacer una docencia llena. Hay que reducirla de manera inmediata y garantizar condiciones de trabajo dignos y saludables.<\/p>\n\n\n\n<p><strong>4. Infraestructuras educativas dignas y recuperaci\u00f3n de los presupuestos recortados<\/strong><\/p>\n\n\n\n<p>Hay centros que todav\u00eda sufren las consecuencias de la DANA y que contin\u00faan sin soluciones. Reclamamos inversiones urgentes y un compromiso presupuestario estable y suficiente. El PLAN Edificant tiene que volver a ser una realidad, nos merecemos unas infraestructuras dignas.<\/p>\n\n\n\n<p><strong>5. Mejoras salariales y condiciones laborales dignas para el profesorado<\/strong><\/p>\n\n\n\n<p>Es imprescindible revertir recortes, reforzar plantillas y garantizar estabilidad y reconocimiento para el profesorado experto y especialista.<\/p>\n\n\n\n<p><strong>6. Dignidad, reconocimiento y condiciones laborales justas para el PAE y el PAS<\/strong><\/p>\n\n\n\n<p>Sin el Personal de Atenci\u00f3n Educativa (PAE) y el Personal de Administraci\u00f3n y Servicios (PAS) no hay educaci\u00f3n p\u00fablica posible. Las personas que forman parte de este colectivo tambi\u00e9n sostienen el funcionamiento de los centros, garantizan la atenci\u00f3n al alumnado, aseguran el acompa\u00f1amiento educativo y la calidad del servicio p\u00fablico.<\/p>\n\n\n\n<p>Rechazamos una situaci\u00f3n absolutamente inadmisible: hay trabajadoras que hace m\u00e1s de dos meses que sustituyen bajas y todav\u00eda no han cobrado ni un euro. Esto vulnera gravemente su dignidad laboral y es una muestra clara del desprecio institucional que sufren.<\/p>\n\n\n\n<p>Con todas estas reivindicaciones y todo y la fuerza que nos empuja, no podemos m\u00e1s que estar alerta en aquello que es lo m\u00e1s importante del sistema educativo, nuestros hijos e hijas, nuestro alumnado. Velaremos junto a la plataforma sindical porque la vaga no perjudique al alumnado al que hay que garantizar su derecho a ser evaluado, al igual que defenderemos el derecho del profesorado a hacer huelga y a reivindicar unas condiciones laborales dignas. El problema lo tiene la Conseller\u00eda y es ella quien tiene que dar respuesta al conflicto que tiene encima de la mesa. Si la Consellera Ort\u00ed y el gobierno valenciano no toman medidas inmediatas, la huelga indefinida ser\u00e1 una realidad. Esperamos que haya una negociaci\u00f3n real y efectiva y que se revierta una situaci\u00f3n que afecta a la calidad de la ense\u00f1anza p\u00fablica.<\/p>\n\n\n\n<p>Por la escuela p\u00fablica!\u00a0\u00a0\u00a0\u00a0\u00a0\u00a0\u00a0\u00a0\u00a0\u00a0\u00a0\u00a0\u00a0\u00a0\u00a0\u00a0\u00a0\u00a0\u00a0\u00a0\u00a0\u00a0\u00a0\u00a0\u00a0\u00a0\u00a0\u00a0\u00a0\u00a0\u00a0\u00a0\u00a0\u00a0\u00a0\u00a0\u00a0\u00a0\u00a0\u00a0\u00a0\u00a0\u00a0\u00a0\u00a0\u00a0\u00a0\u00a0\u00a0\u00a0\u00a0\u00a0\u00a0\u00a0\u00a0\u00a0\u00a0\u00a0\u00a0\u00a0\u00a0\u00a0\u00a0\u00a0 FAMPA-Val\u00e8ncia<\/p>\n\n\n\n<figure class=\"wp-block-image size-large\"><img loading=\"lazy\" width=\"819\" height=\"1024\" src=\"https:\/\/www.fampa-valencia.org\/wp-content\/uploads\/2026\/04\/687023709_1454917806679242_4540390728961915984_n-819x1024.jpg\" alt=\"\" class=\"wp-image-13593\" srcset=\"https:\/\/www.fampa-valencia.org\/wp-content\/uploads\/2026\/04\/687023709_1454917806679242_4540390728961915984_n-819x1024.jpg 819w, https:\/\/www.fampa-valencia.org\/wp-content\/uploads\/2026\/04\/687023709_1454917806679242_4540390728961915984_n-240x300.jpg 240w, https:\/\/www.fampa-valencia.org\/wp-content\/uploads\/2026\/04\/687023709_1454917806679242_4540390728961915984_n-768x960.jpg 768w, https:\/\/www.fampa-valencia.org\/wp-content\/uploads\/2026\/04\/687023709_1454917806679242_4540390728961915984_n-117x146.jpg 117w, https:\/\/www.fampa-valencia.org\/wp-content\/uploads\/2026\/04\/687023709_1454917806679242_4540390728961915984_n-40x50.jpg 40w, https:\/\/www.fampa-valencia.org\/wp-content\/uploads\/2026\/04\/687023709_1454917806679242_4540390728961915984_n-60x75.jpg 60w, https:\/\/www.fampa-valencia.org\/wp-content\/uploads\/2026\/04\/687023709_1454917806679242_4540390728961915984_n-640x800.jpg 640w, https:\/\/www.fampa-valencia.org\/wp-content\/uploads\/2026\/04\/687023709_1454917806679242_4540390728961915984_n.jpg 1080w\" sizes=\"(max-width: 819px) 100vw, 819px\" \/><\/figure>\n","protected":false},"excerpt":{"rendered":"<p>El pr\u00f3ximo 11 de mayo, la comunidad educativa vuelve a dar un paso adelante con la fuerza que ya demostr\u00f3 el pasado 11 de diciembre y [&hellip;]<\/p>\n","protected":false},"author":5,"featured_media":13591,"comment_status":"closed","ping_status":"closed","sticky":false,"template":"","format":"standard","meta":{"jetpack_publicize_message":"","jetpack_is_tweetstorm":false,"jetpack_publicize_feature_enabled":true},"categories":[1],"tags":[],"jetpack_publicize_connections":[],"yoast_head":"<!-- This site is optimized with the Yoast SEO plugin v19.2 - https:\/\/yoast.com\/wordpress\/plugins\/seo\/ -->\n<title>Comunicadod e FAMPA-Val\u00e8ncia sobre la huelga educativa indefinida del 11 de mayo | FAMPA Val\u00e8ncia<\/title>\n<meta name=\"robots\" content=\"index, follow, max-snippet:-1, max-image-preview:large, max-video-preview:-1\" \/>\n<link rel=\"canonical\" href=\"https:\/\/www.fampa-valencia.org\/es\/comunicadod-e-fampa-valencia-sobre-la-huelga-educativa-indefinida-del-11-de-mayo\/\" \/>\n<meta property=\"og:locale\" content=\"es_ES\" \/>\n<meta property=\"og:type\" content=\"article\" \/>\n<meta property=\"og:title\" content=\"Comunicadod e FAMPA-Val\u00e8ncia sobre la huelga educativa indefinida del 11 de mayo | FAMPA Val\u00e8ncia\" \/>\n<meta property=\"og:description\" content=\"El pr\u00f3ximo 11 de mayo, la comunidad educativa vuelve a dar un paso adelante con la fuerza que ya demostr\u00f3 el pasado 11 de diciembre y [&hellip;]\" \/>\n<meta property=\"og:url\" content=\"https:\/\/www.fampa-valencia.org\/es\/comunicadod-e-fampa-valencia-sobre-la-huelga-educativa-indefinida-del-11-de-mayo\/\" \/>\n<meta property=\"og:site_name\" content=\"FAMPA Val\u00e8ncia\" \/>\n<meta property=\"article:publisher\" content=\"https:\/\/www.facebook.com\/fapa.valencia\/?fref=ts\" \/>\n<meta property=\"article:published_time\" content=\"2026-04-30T11:59:55+00:00\" \/>\n<meta property=\"article:modified_time\" content=\"2026-04-30T11:59:56+00:00\" \/>\n<meta property=\"og:image\" content=\"https:\/\/www.fampa-valencia.org\/wp-content\/uploads\/2026\/04\/919ed149-7e52-4343-bf2f-6247d0e5ea18.jpg\" \/>\n\t<meta property=\"og:image:width\" content=\"1600\" \/>\n\t<meta property=\"og:image:height\" content=\"1200\" \/>\n\t<meta property=\"og:image:type\" content=\"image\/jpeg\" \/>\n<meta name=\"author\" content=\"FAMPA Val\u00e8ncia\" \/>\n<meta name=\"twitter:card\" content=\"summary\" \/>\n<meta name=\"twitter:creator\" content=\"@FAPAValencia\" \/>\n<meta name=\"twitter:site\" content=\"@FAPAValencia\" \/>\n<meta name=\"twitter:label1\" content=\"Escrito por\" \/>\n\t<meta name=\"twitter:data1\" content=\"FAMPA Val\u00e8ncia\" \/>\n\t<meta name=\"twitter:label2\" content=\"Tiempo de lectura\" \/>\n\t<meta name=\"twitter:data2\" content=\"5 minutos\" \/>\n<script type=\"application\/ld+json\" class=\"yoast-schema-graph\">{\"@context\":\"https:\/\/schema.org\",\"@graph\":[{\"@type\":\"WebSite\",\"@id\":\"https:\/\/www.fampa-valencia.org\/#website\",\"url\":\"https:\/\/www.fampa-valencia.org\/\",\"name\":\"FAMPA Val\u00e8ncia\",\"description\":\"Fampa-Valencia. Federaci\u00f3n de Asociaciones de Padres i Madres de Alumnos Provincia de Valencia\",\"potentialAction\":[{\"@type\":\"SearchAction\",\"target\":{\"@type\":\"EntryPoint\",\"urlTemplate\":\"https:\/\/www.fampa-valencia.org\/?s={search_term_string}\"},\"query-input\":\"required name=search_term_string\"}],\"inLanguage\":\"es\"},{\"@type\":\"ImageObject\",\"inLanguage\":\"es\",\"@id\":\"https:\/\/www.fampa-valencia.org\/es\/comunicadod-e-fampa-valencia-sobre-la-huelga-educativa-indefinida-del-11-de-mayo\/#primaryimage\",\"url\":\"https:\/\/www.fampa-valencia.org\/wp-content\/uploads\/2026\/04\/919ed149-7e52-4343-bf2f-6247d0e5ea18.jpg\",\"contentUrl\":\"https:\/\/www.fampa-valencia.org\/wp-content\/uploads\/2026\/04\/919ed149-7e52-4343-bf2f-6247d0e5ea18.jpg\",\"width\":1600,\"height\":1200},{\"@type\":\"WebPage\",\"@id\":\"https:\/\/www.fampa-valencia.org\/es\/comunicadod-e-fampa-valencia-sobre-la-huelga-educativa-indefinida-del-11-de-mayo\/#webpage\",\"url\":\"https:\/\/www.fampa-valencia.org\/es\/comunicadod-e-fampa-valencia-sobre-la-huelga-educativa-indefinida-del-11-de-mayo\/\",\"name\":\"Comunicadod e FAMPA-Val\u00e8ncia sobre la huelga educativa indefinida del 11 de mayo | FAMPA Val\u00e8ncia\",\"isPartOf\":{\"@id\":\"https:\/\/www.fampa-valencia.org\/#website\"},\"primaryImageOfPage\":{\"@id\":\"https:\/\/www.fampa-valencia.org\/es\/comunicadod-e-fampa-valencia-sobre-la-huelga-educativa-indefinida-del-11-de-mayo\/#primaryimage\"},\"datePublished\":\"2026-04-30T11:59:55+00:00\",\"dateModified\":\"2026-04-30T11:59:56+00:00\",\"author\":{\"@id\":\"https:\/\/www.fampa-valencia.org\/#\/schema\/person\/58499624ad1d1138239fccdd7d2e9b21\"},\"breadcrumb\":{\"@id\":\"https:\/\/www.fampa-valencia.org\/es\/comunicadod-e-fampa-valencia-sobre-la-huelga-educativa-indefinida-del-11-de-mayo\/#breadcrumb\"},\"inLanguage\":\"es\",\"potentialAction\":[{\"@type\":\"ReadAction\",\"target\":[\"https:\/\/www.fampa-valencia.org\/es\/comunicadod-e-fampa-valencia-sobre-la-huelga-educativa-indefinida-del-11-de-mayo\/\"]}]},{\"@type\":\"BreadcrumbList\",\"@id\":\"https:\/\/www.fampa-valencia.org\/es\/comunicadod-e-fampa-valencia-sobre-la-huelga-educativa-indefinida-del-11-de-mayo\/#breadcrumb\",\"itemListElement\":[{\"@type\":\"ListItem\",\"position\":1,\"name\":\"Inici\",\"item\":\"https:\/\/www.fampa-valencia.org\/es\/\"},{\"@type\":\"ListItem\",\"position\":2,\"name\":\"Comunicadod e FAMPA-Val\u00e8ncia sobre la huelga educativa indefinida del 11 de mayo\"}]},{\"@type\":\"Person\",\"@id\":\"https:\/\/www.fampa-valencia.org\/#\/schema\/person\/58499624ad1d1138239fccdd7d2e9b21\",\"name\":\"FAMPA Val\u00e8ncia\",\"image\":{\"@type\":\"ImageObject\",\"inLanguage\":\"es\",\"@id\":\"https:\/\/www.fampa-valencia.org\/#\/schema\/person\/image\/\",\"url\":\"https:\/\/secure.gravatar.com\/avatar\/4a33268cd633b6573a8e702f19ee58dd?s=96&d=mm&r=g\",\"contentUrl\":\"https:\/\/secure.gravatar.com\/avatar\/4a33268cd633b6573a8e702f19ee58dd?s=96&d=mm&r=g\",\"caption\":\"FAMPA Val\u00e8ncia\"},\"url\":\"https:\/\/www.fampa-valencia.org\/es\/author\/fapaval\/\"}]}<\/script>\n<!-- \/ Yoast SEO plugin. -->","yoast_head_json":{"title":"Comunicadod e FAMPA-Val\u00e8ncia sobre la huelga educativa indefinida del 11 de mayo | FAMPA Val\u00e8ncia","robots":{"index":"index","follow":"follow","max-snippet":"max-snippet:-1","max-image-preview":"max-image-preview:large","max-video-preview":"max-video-preview:-1"},"canonical":"https:\/\/www.fampa-valencia.org\/es\/comunicadod-e-fampa-valencia-sobre-la-huelga-educativa-indefinida-del-11-de-mayo\/","og_locale":"es_ES","og_type":"article","og_title":"Comunicadod e FAMPA-Val\u00e8ncia sobre la huelga educativa indefinida del 11 de mayo | FAMPA Val\u00e8ncia","og_description":"El pr\u00f3ximo 11 de mayo, la comunidad educativa vuelve a dar un paso adelante con la fuerza que ya demostr\u00f3 el pasado 11 de diciembre y [&hellip;]","og_url":"https:\/\/www.fampa-valencia.org\/es\/comunicadod-e-fampa-valencia-sobre-la-huelga-educativa-indefinida-del-11-de-mayo\/","og_site_name":"FAMPA Val\u00e8ncia","article_publisher":"https:\/\/www.facebook.com\/fapa.valencia\/?fref=ts","article_published_time":"2026-04-30T11:59:55+00:00","article_modified_time":"2026-04-30T11:59:56+00:00","og_image":[{"width":1600,"height":1200,"url":"https:\/\/www.fampa-valencia.org\/wp-content\/uploads\/2026\/04\/919ed149-7e52-4343-bf2f-6247d0e5ea18.jpg","type":"image\/jpeg"}],"author":"FAMPA Val\u00e8ncia","twitter_card":"summary","twitter_creator":"@FAPAValencia","twitter_site":"@FAPAValencia","twitter_misc":{"Escrito por":"FAMPA Val\u00e8ncia","Tiempo de lectura":"5 minutos"},"schema":{"@context":"https:\/\/schema.org","@graph":[{"@type":"WebSite","@id":"https:\/\/www.fampa-valencia.org\/#website","url":"https:\/\/www.fampa-valencia.org\/","name":"FAMPA Val\u00e8ncia","description":"Fampa-Valencia. Federaci\u00f3n de Asociaciones de Padres i Madres de Alumnos Provincia de Valencia","potentialAction":[{"@type":"SearchAction","target":{"@type":"EntryPoint","urlTemplate":"https:\/\/www.fampa-valencia.org\/?s={search_term_string}"},"query-input":"required name=search_term_string"}],"inLanguage":"es"},{"@type":"ImageObject","inLanguage":"es","@id":"https:\/\/www.fampa-valencia.org\/es\/comunicadod-e-fampa-valencia-sobre-la-huelga-educativa-indefinida-del-11-de-mayo\/#primaryimage","url":"https:\/\/www.fampa-valencia.org\/wp-content\/uploads\/2026\/04\/919ed149-7e52-4343-bf2f-6247d0e5ea18.jpg","contentUrl":"https:\/\/www.fampa-valencia.org\/wp-content\/uploads\/2026\/04\/919ed149-7e52-4343-bf2f-6247d0e5ea18.jpg","width":1600,"height":1200},{"@type":"WebPage","@id":"https:\/\/www.fampa-valencia.org\/es\/comunicadod-e-fampa-valencia-sobre-la-huelga-educativa-indefinida-del-11-de-mayo\/#webpage","url":"https:\/\/www.fampa-valencia.org\/es\/comunicadod-e-fampa-valencia-sobre-la-huelga-educativa-indefinida-del-11-de-mayo\/","name":"Comunicadod e FAMPA-Val\u00e8ncia sobre la huelga educativa indefinida del 11 de mayo | FAMPA Val\u00e8ncia","isPartOf":{"@id":"https:\/\/www.fampa-valencia.org\/#website"},"primaryImageOfPage":{"@id":"https:\/\/www.fampa-valencia.org\/es\/comunicadod-e-fampa-valencia-sobre-la-huelga-educativa-indefinida-del-11-de-mayo\/#primaryimage"},"datePublished":"2026-04-30T11:59:55+00:00","dateModified":"2026-04-30T11:59:56+00:00","author":{"@id":"https:\/\/www.fampa-valencia.org\/#\/schema\/person\/58499624ad1d1138239fccdd7d2e9b21"},"breadcrumb":{"@id":"https:\/\/www.fampa-valencia.org\/es\/comunicadod-e-fampa-valencia-sobre-la-huelga-educativa-indefinida-del-11-de-mayo\/#breadcrumb"},"inLanguage":"es","potentialAction":[{"@type":"ReadAction","target":["https:\/\/www.fampa-valencia.org\/es\/comunicadod-e-fampa-valencia-sobre-la-huelga-educativa-indefinida-del-11-de-mayo\/"]}]},{"@type":"BreadcrumbList","@id":"https:\/\/www.fampa-valencia.org\/es\/comunicadod-e-fampa-valencia-sobre-la-huelga-educativa-indefinida-del-11-de-mayo\/#breadcrumb","itemListElement":[{"@type":"ListItem","position":1,"name":"Inici","item":"https:\/\/www.fampa-valencia.org\/es\/"},{"@type":"ListItem","position":2,"name":"Comunicadod e FAMPA-Val\u00e8ncia sobre la huelga educativa indefinida del 11 de mayo"}]},{"@type":"Person","@id":"https:\/\/www.fampa-valencia.org\/#\/schema\/person\/58499624ad1d1138239fccdd7d2e9b21","name":"FAMPA Val\u00e8ncia","image":{"@type":"ImageObject","inLanguage":"es","@id":"https:\/\/www.fampa-valencia.org\/#\/schema\/person\/image\/","url":"https:\/\/secure.gravatar.com\/avatar\/4a33268cd633b6573a8e702f19ee58dd?s=96&d=mm&r=g","contentUrl":"https:\/\/secure.gravatar.com\/avatar\/4a33268cd633b6573a8e702f19ee58dd?s=96&d=mm&r=g","caption":"FAMPA Val\u00e8ncia"},"url":"https:\/\/www.fampa-valencia.org\/es\/author\/fapaval\/"}]}},"jetpack_featured_media_url":"https:\/\/www.fampa-valencia.org\/wp-content\/uploads\/2026\/04\/919ed149-7e52-4343-bf2f-6247d0e5ea18.jpg","_links":{"self":[{"href":"https:\/\/www.fampa-valencia.org\/es\/wp-json\/wp\/v2\/posts\/13595"}],"collection":[{"href":"https:\/\/www.fampa-valencia.org\/es\/wp-json\/wp\/v2\/posts"}],"about":[{"href":"https:\/\/www.fampa-valencia.org\/es\/wp-json\/wp\/v2\/types\/post"}],"author":[{"embeddable":true,"href":"https:\/\/www.fampa-valencia.org\/es\/wp-json\/wp\/v2\/users\/5"}],"replies":[{"embeddable":true,"href":"https:\/\/www.fampa-valencia.org\/es\/wp-json\/wp\/v2\/comments?post=13595"}],"version-history":[{"count":1,"href":"https:\/\/www.fampa-valencia.org\/es\/wp-json\/wp\/v2\/posts\/13595\/revisions"}],"predecessor-version":[{"id":13596,"href":"https:\/\/www.fampa-valencia.org\/es\/wp-json\/wp\/v2\/posts\/13595\/revisions\/13596"}],"wp:featuredmedia":[{"embeddable":true,"href":"https:\/\/www.fampa-valencia.org\/es\/wp-json\/wp\/v2\/media\/13591"}],"wp:attachment":[{"href":"https:\/\/www.fampa-valencia.org\/es\/wp-json\/wp\/v2\/media?parent=13595"}],"wp:term":[{"taxonomy":"category","embeddable":true,"href":"https:\/\/www.fampa-valencia.org\/es\/wp-json\/wp\/v2\/categories?post=13595"},{"taxonomy":"post_tag","embeddable":true,"href":"https:\/\/www.fampa-valencia.org\/es\/wp-json\/wp\/v2\/tags?post=13595"}],"curies":[{"name":"wp","href":"https:\/\/api.w.org\/{rel}","templated":true}]}}