{"id":5763,"date":"2017-12-23T19:39:40","date_gmt":"2017-12-23T18:39:40","guid":{"rendered":"http:\/\/www.fampa-valencia.org\/fampa-valencia-us-desitja-bones-festes-felic-2018\/"},"modified":"2017-12-23T19:40:06","modified_gmt":"2017-12-23T18:40:06","slug":"fampa-valencia-us-desitja-bones-festes-felic-2018","status":"publish","type":"post","link":"https:\/\/www.fampa-valencia.org\/es\/fampa-valencia-us-desitja-bones-festes-felic-2018\/","title":{"rendered":"FAMPA-Val\u00e8ncia us desitja bones festes i feli\u00e7 2018!"},"content":{"rendered":"<p><img loading=\"lazy\" class=\"alignnone size-medium wp-image-5760\" src=\"http:\/\/www.fampa-valencia.org\/wp-content\/uploads\/2017\/12\/tarjeta-navidad-2017-2-300x148.jpg\" alt=\"\" width=\"300\" height=\"148\" srcset=\"https:\/\/www.fampa-valencia.org\/wp-content\/uploads\/2017\/12\/tarjeta-navidad-2017-2-300x148.jpg 300w, https:\/\/www.fampa-valencia.org\/wp-content\/uploads\/2017\/12\/tarjeta-navidad-2017-2-768x378.jpg 768w, https:\/\/www.fampa-valencia.org\/wp-content\/uploads\/2017\/12\/tarjeta-navidad-2017-2-1024x504.jpg 1024w, https:\/\/www.fampa-valencia.org\/wp-content\/uploads\/2017\/12\/tarjeta-navidad-2017-2-260x128.jpg 260w, https:\/\/www.fampa-valencia.org\/wp-content\/uploads\/2017\/12\/tarjeta-navidad-2017-2-50x25.jpg 50w, https:\/\/www.fampa-valencia.org\/wp-content\/uploads\/2017\/12\/tarjeta-navidad-2017-2-150x75.jpg 150w, https:\/\/www.fampa-valencia.org\/wp-content\/uploads\/2017\/12\/tarjeta-navidad-2017-2.jpg 1050w\" sizes=\"(max-width: 300px) 100vw, 300px\" \/><\/p>\n","protected":false},"excerpt":{"rendered":"","protected":false},"author":5,"featured_media":5761,"comment_status":"closed","ping_status":"closed","sticky":false,"template":"","format":"standard","meta":{"jetpack_publicize_message":"","jetpack_is_tweetstorm":false,"jetpack_publicize_feature_enabled":true},"categories":[1],"tags":[],"jetpack_publicize_connections":[],"yoast_head":"<!-- This site is optimized with the Yoast SEO plugin v19.2 - https:\/\/yoast.com\/wordpress\/plugins\/seo\/ -->\n<title>FAMPA-Val\u00e8ncia us desitja bones festes i feli\u00e7 2018! | FAMPA Val\u00e8ncia<\/title>\n<meta name=\"robots\" content=\"index, follow, max-snippet:-1, max-image-preview:large, max-video-preview:-1\" \/>\n<link rel=\"canonical\" href=\"https:\/\/www.fampa-valencia.org\/es\/fampa-valencia-us-desitja-bones-festes-felic-2018\/\" \/>\n<meta property=\"og:locale\" content=\"es_ES\" \/>\n<meta property=\"og:type\" content=\"article\" \/>\n<meta property=\"og:title\" content=\"FAMPA-Val\u00e8ncia us desitja bones festes i feli\u00e7 2018! | FAMPA Val\u00e8ncia\" \/>\n<meta property=\"og:url\" content=\"https:\/\/www.fampa-valencia.org\/es\/fampa-valencia-us-desitja-bones-festes-felic-2018\/\" \/>\n<meta property=\"og:site_name\" content=\"FAMPA Val\u00e8ncia\" \/>\n<meta property=\"article:publisher\" content=\"https:\/\/www.facebook.com\/fapa.valencia\/?fref=ts\" \/>\n<meta property=\"article:published_time\" content=\"2017-12-23T18:39:40+00:00\" \/>\n<meta property=\"article:modified_time\" content=\"2017-12-23T18:40:06+00:00\" \/>\n<meta property=\"og:image\" content=\"https:\/\/www.fampa-valencia.org\/wp-content\/uploads\/2017\/12\/tarjeta-navidad-2017-2.jpg\" \/>\n\t<meta property=\"og:image:width\" content=\"1050\" \/>\n\t<meta property=\"og:image:height\" content=\"517\" \/>\n\t<meta property=\"og:image:type\" content=\"image\/jpeg\" \/>\n<meta name=\"author\" content=\"FAMPA Val\u00e8ncia\" \/>\n<meta name=\"twitter:card\" content=\"summary\" \/>\n<meta name=\"twitter:creator\" content=\"@FAPAValencia\" \/>\n<meta name=\"twitter:site\" content=\"@FAPAValencia\" \/>\n<meta name=\"twitter:label1\" content=\"Escrito por\" \/>\n\t<meta name=\"twitter:data1\" content=\"FAMPA Val\u00e8ncia\" \/>\n<script type=\"application\/ld+json\" class=\"yoast-schema-graph\">{\"@context\":\"https:\/\/schema.org\",\"@graph\":[{\"@type\":\"WebSite\",\"@id\":\"https:\/\/www.fampa-valencia.org\/#website\",\"url\":\"https:\/\/www.fampa-valencia.org\/\",\"name\":\"FAMPA Val\u00e8ncia\",\"description\":\"Fampa-Valencia. Federaci\u00f3n de Asociaciones de Padres i Madres de Alumnos Provincia de Valencia\",\"potentialAction\":[{\"@type\":\"SearchAction\",\"target\":{\"@type\":\"EntryPoint\",\"urlTemplate\":\"https:\/\/www.fampa-valencia.org\/?s={search_term_string}\"},\"query-input\":\"required name=search_term_string\"}],\"inLanguage\":\"es\"},{\"@type\":\"ImageObject\",\"inLanguage\":\"es\",\"@id\":\"https:\/\/www.fampa-valencia.org\/es\/fampa-valencia-us-desitja-bones-festes-felic-2018\/#primaryimage\",\"url\":\"https:\/\/www.fampa-valencia.org\/wp-content\/uploads\/2017\/12\/tarjeta-navidad-2017-2.jpg\",\"contentUrl\":\"https:\/\/www.fampa-valencia.org\/wp-content\/uploads\/2017\/12\/tarjeta-navidad-2017-2.jpg\",\"width\":1050,\"height\":517},{\"@type\":\"WebPage\",\"@id\":\"https:\/\/www.fampa-valencia.org\/es\/fampa-valencia-us-desitja-bones-festes-felic-2018\/#webpage\",\"url\":\"https:\/\/www.fampa-valencia.org\/es\/fampa-valencia-us-desitja-bones-festes-felic-2018\/\",\"name\":\"FAMPA-Val\u00e8ncia us desitja bones festes i feli\u00e7 2018! | FAMPA Val\u00e8ncia\",\"isPartOf\":{\"@id\":\"https:\/\/www.fampa-valencia.org\/#website\"},\"primaryImageOfPage\":{\"@id\":\"https:\/\/www.fampa-valencia.org\/es\/fampa-valencia-us-desitja-bones-festes-felic-2018\/#primaryimage\"},\"datePublished\":\"2017-12-23T18:39:40+00:00\",\"dateModified\":\"2017-12-23T18:40:06+00:00\",\"author\":{\"@id\":\"https:\/\/www.fampa-valencia.org\/#\/schema\/person\/58499624ad1d1138239fccdd7d2e9b21\"},\"breadcrumb\":{\"@id\":\"https:\/\/www.fampa-valencia.org\/es\/fampa-valencia-us-desitja-bones-festes-felic-2018\/#breadcrumb\"},\"inLanguage\":\"es\",\"potentialAction\":[{\"@type\":\"ReadAction\",\"target\":[\"https:\/\/www.fampa-valencia.org\/es\/fampa-valencia-us-desitja-bones-festes-felic-2018\/\"]}]},{\"@type\":\"BreadcrumbList\",\"@id\":\"https:\/\/www.fampa-valencia.org\/es\/fampa-valencia-us-desitja-bones-festes-felic-2018\/#breadcrumb\",\"itemListElement\":[{\"@type\":\"ListItem\",\"position\":1,\"name\":\"Inici\",\"item\":\"https:\/\/www.fampa-valencia.org\/es\/\"},{\"@type\":\"ListItem\",\"position\":2,\"name\":\"FAMPA-Val\u00e8ncia us desitja bones festes i feli\u00e7 2018!\"}]},{\"@type\":\"Person\",\"@id\":\"https:\/\/www.fampa-valencia.org\/#\/schema\/person\/58499624ad1d1138239fccdd7d2e9b21\",\"name\":\"FAMPA Val\u00e8ncia\",\"image\":{\"@type\":\"ImageObject\",\"inLanguage\":\"es\",\"@id\":\"https:\/\/www.fampa-valencia.org\/#\/schema\/person\/image\/\",\"url\":\"https:\/\/secure.gravatar.com\/avatar\/4a33268cd633b6573a8e702f19ee58dd?s=96&d=mm&r=g\",\"contentUrl\":\"https:\/\/secure.gravatar.com\/avatar\/4a33268cd633b6573a8e702f19ee58dd?s=96&d=mm&r=g\",\"caption\":\"FAMPA Val\u00e8ncia\"},\"url\":\"https:\/\/www.fampa-valencia.org\/es\/author\/fapaval\/\"}]}<\/script>\n<!-- \/ Yoast SEO plugin. -->","yoast_head_json":{"title":"FAMPA-Val\u00e8ncia us desitja bones festes i feli\u00e7 2018! | FAMPA Val\u00e8ncia","robots":{"index":"index","follow":"follow","max-snippet":"max-snippet:-1","max-image-preview":"max-image-preview:large","max-video-preview":"max-video-preview:-1"},"canonical":"https:\/\/www.fampa-valencia.org\/es\/fampa-valencia-us-desitja-bones-festes-felic-2018\/","og_locale":"es_ES","og_type":"article","og_title":"FAMPA-Val\u00e8ncia us desitja bones festes i feli\u00e7 2018! | FAMPA Val\u00e8ncia","og_url":"https:\/\/www.fampa-valencia.org\/es\/fampa-valencia-us-desitja-bones-festes-felic-2018\/","og_site_name":"FAMPA Val\u00e8ncia","article_publisher":"https:\/\/www.facebook.com\/fapa.valencia\/?fref=ts","article_published_time":"2017-12-23T18:39:40+00:00","article_modified_time":"2017-12-23T18:40:06+00:00","og_image":[{"width":1050,"height":517,"url":"https:\/\/www.fampa-valencia.org\/wp-content\/uploads\/2017\/12\/tarjeta-navidad-2017-2.jpg","type":"image\/jpeg"}],"author":"FAMPA Val\u00e8ncia","twitter_card":"summary","twitter_creator":"@FAPAValencia","twitter_site":"@FAPAValencia","twitter_misc":{"Escrito por":"FAMPA Val\u00e8ncia"},"schema":{"@context":"https:\/\/schema.org","@graph":[{"@type":"WebSite","@id":"https:\/\/www.fampa-valencia.org\/#website","url":"https:\/\/www.fampa-valencia.org\/","name":"FAMPA Val\u00e8ncia","description":"Fampa-Valencia. Federaci\u00f3n de Asociaciones de Padres i Madres de Alumnos Provincia de Valencia","potentialAction":[{"@type":"SearchAction","target":{"@type":"EntryPoint","urlTemplate":"https:\/\/www.fampa-valencia.org\/?s={search_term_string}"},"query-input":"required name=search_term_string"}],"inLanguage":"es"},{"@type":"ImageObject","inLanguage":"es","@id":"https:\/\/www.fampa-valencia.org\/es\/fampa-valencia-us-desitja-bones-festes-felic-2018\/#primaryimage","url":"https:\/\/www.fampa-valencia.org\/wp-content\/uploads\/2017\/12\/tarjeta-navidad-2017-2.jpg","contentUrl":"https:\/\/www.fampa-valencia.org\/wp-content\/uploads\/2017\/12\/tarjeta-navidad-2017-2.jpg","width":1050,"height":517},{"@type":"WebPage","@id":"https:\/\/www.fampa-valencia.org\/es\/fampa-valencia-us-desitja-bones-festes-felic-2018\/#webpage","url":"https:\/\/www.fampa-valencia.org\/es\/fampa-valencia-us-desitja-bones-festes-felic-2018\/","name":"FAMPA-Val\u00e8ncia us desitja bones festes i feli\u00e7 2018! | FAMPA Val\u00e8ncia","isPartOf":{"@id":"https:\/\/www.fampa-valencia.org\/#website"},"primaryImageOfPage":{"@id":"https:\/\/www.fampa-valencia.org\/es\/fampa-valencia-us-desitja-bones-festes-felic-2018\/#primaryimage"},"datePublished":"2017-12-23T18:39:40+00:00","dateModified":"2017-12-23T18:40:06+00:00","author":{"@id":"https:\/\/www.fampa-valencia.org\/#\/schema\/person\/58499624ad1d1138239fccdd7d2e9b21"},"breadcrumb":{"@id":"https:\/\/www.fampa-valencia.org\/es\/fampa-valencia-us-desitja-bones-festes-felic-2018\/#breadcrumb"},"inLanguage":"es","potentialAction":[{"@type":"ReadAction","target":["https:\/\/www.fampa-valencia.org\/es\/fampa-valencia-us-desitja-bones-festes-felic-2018\/"]}]},{"@type":"BreadcrumbList","@id":"https:\/\/www.fampa-valencia.org\/es\/fampa-valencia-us-desitja-bones-festes-felic-2018\/#breadcrumb","itemListElement":[{"@type":"ListItem","position":1,"name":"Inici","item":"https:\/\/www.fampa-valencia.org\/es\/"},{"@type":"ListItem","position":2,"name":"FAMPA-Val\u00e8ncia us desitja bones festes i feli\u00e7 2018!"}]},{"@type":"Person","@id":"https:\/\/www.fampa-valencia.org\/#\/schema\/person\/58499624ad1d1138239fccdd7d2e9b21","name":"FAMPA Val\u00e8ncia","image":{"@type":"ImageObject","inLanguage":"es","@id":"https:\/\/www.fampa-valencia.org\/#\/schema\/person\/image\/","url":"https:\/\/secure.gravatar.com\/avatar\/4a33268cd633b6573a8e702f19ee58dd?s=96&d=mm&r=g","contentUrl":"https:\/\/secure.gravatar.com\/avatar\/4a33268cd633b6573a8e702f19ee58dd?s=96&d=mm&r=g","caption":"FAMPA Val\u00e8ncia"},"url":"https:\/\/www.fampa-valencia.org\/es\/author\/fapaval\/"}]}},"jetpack_featured_media_url":"https:\/\/www.fampa-valencia.org\/wp-content\/uploads\/2017\/12\/tarjeta-navidad-2017-2.jpg","_links":{"self":[{"href":"https:\/\/www.fampa-valencia.org\/es\/wp-json\/wp\/v2\/posts\/5763"}],"collection":[{"href":"https:\/\/www.fampa-valencia.org\/es\/wp-json\/wp\/v2\/posts"}],"about":[{"href":"https:\/\/www.fampa-valencia.org\/es\/wp-json\/wp\/v2\/types\/post"}],"author":[{"embeddable":true,"href":"https:\/\/www.fampa-valencia.org\/es\/wp-json\/wp\/v2\/users\/5"}],"replies":[{"embeddable":true,"href":"https:\/\/www.fampa-valencia.org\/es\/wp-json\/wp\/v2\/comments?post=5763"}],"version-history":[{"count":1,"href":"https:\/\/www.fampa-valencia.org\/es\/wp-json\/wp\/v2\/posts\/5763\/revisions"}],"predecessor-version":[{"id":5764,"href":"https:\/\/www.fampa-valencia.org\/es\/wp-json\/wp\/v2\/posts\/5763\/revisions\/5764"}],"wp:featuredmedia":[{"embeddable":true,"href":"https:\/\/www.fampa-valencia.org\/es\/wp-json\/wp\/v2\/media\/5761"}],"wp:attachment":[{"href":"https:\/\/www.fampa-valencia.org\/es\/wp-json\/wp\/v2\/media?parent=5763"}],"wp:term":[{"taxonomy":"category","embeddable":true,"href":"https:\/\/www.fampa-valencia.org\/es\/wp-json\/wp\/v2\/categories?post=5763"},{"taxonomy":"post_tag","embeddable":true,"href":"https:\/\/www.fampa-valencia.org\/es\/wp-json\/wp\/v2\/tags?post=5763"}],"curies":[{"name":"wp","href":"https:\/\/api.w.org\/{rel}","templated":true}]}}